{"provider_url": "https://www.cambe.pr.leg.br", "title": "C\u00e2mara Municipal receber\u00e1 tr\u00eas audi\u00eancias p\u00fablicas", "html": "<p><em>Reuni\u00f5es que envolvem sa\u00fade e or\u00e7amento s\u00e3o abertas \u00e0 comunidade, que pode participar, tirar d\u00favidas e contribuir para a constru\u00e7\u00e3o de pol\u00edticas p\u00fablicas</em></p>\r\n<p>\u00a0</p>\r\n<p>A C\u00e2mara Municipal vai receber tr\u00eas audi\u00eancias p\u00fablicas nos pr\u00f3ximos dias, envolvendo as \u00e1reas da sa\u00fade e fiscal do munic\u00edpio. Na sexta-feira (26), \u00e0s 9h, ser\u00e1 a audi\u00eancia sobre as metas fiscais referentes ao segundo quadrimestre de 2025, seguindo a Lei de Responsabilidade Fiscal.</p>\r\n<p>No mesmo dia, a partir das 14h, ser\u00e1 a audi\u00eancia da LOA (Lei Or\u00e7ament\u00e1ria Anual), que indica a previs\u00e3o do or\u00e7amento da prefeitura, gastos e receita do pr\u00f3ximo ano. A apresenta\u00e7\u00e3o dos n\u00fameros tamb\u00e9m segue uma determina\u00e7\u00e3o constitucional.</p>\r\n<p>J\u00e1 na ter\u00e7a-feira (30) da pr\u00f3xima semana, \u00e0s 9h, o plen\u00e1rio da C\u00e2mara vai ser utilizado para a audi\u00eancia p\u00fablica para presta\u00e7\u00e3o de contas das a\u00e7\u00f5es em sa\u00fade no segundo quadrimestre de 2025. O ato \u00e9 uma determina\u00e7\u00e3o legal exigida por lei federal e orientada pelo TCE-PR (Tribunal de Contas do Estado do Paran\u00e1).</p>\r\n<p>As tr\u00eas audi\u00eancias s\u00e3o abertas ao p\u00fablico, que pode participar, colaborando para a constru\u00e7\u00e3o de pol\u00edticas p\u00fablicas voltadas ao dia a dia da cidade. Todas ainda ser\u00e3o transmitidas pelo YouTube e pelo Facebook da C\u00e2mara, garantindo transpar\u00eancia e o registro de tudo o que for apresentado e debatido. O Legislativo fica na avenida Inglaterra, 655.</p>", "author_name": "", "version": "1.0", "author_url": "https://www.cambe.pr.leg.br/author/pedro", "provider_name": "C\u00e2mara Municipal", "type": "rich"}