{"provider_url": "https://www.cambe.pr.leg.br", "title": " APRESENTA\u00c7\u00c3O MARCA DIA NACIONAL DO CAPOEIRISTA ", "html": "<p><span>Os mestres de capoeira de Camb\u00e9 se reuniram e fizeram uma apresenta\u00e7\u00e3o em homenagem ao dia Nacional do Capoeirista, comemorado no dia 3 de agosto. Considerada um Patrim\u00f4nio Imaterial da Humanidade pela UNESCO, a capoeira mistura esporte, luta, dan\u00e7a e brincadeira em uma s\u00f3 arte. Trazida para Camb\u00e9 pelo mestre Zulu, respons\u00e1vel por levar o esporte para as escolas municipais, ela criou ra\u00edzes fortes na cidade.\u00a0\u00a0</span></p>\r\n<p>Mestre Juliano Botti, agradeceu a C\u00e2mara e aos vereadores, em particular ao vereador Jota Mattos, pela oportunidade de mostrar um pouco da pr\u00e1tica do esporte. \u00a0O evento aconteceu no \u00faltimo dia 8 de agosto durante a 23\u00aa Sess\u00e3o Ordin\u00e1ria da C\u00e2mara. \u201cPromover a capoeira e garantir que a sua import\u00e2ncia seja reconhecida como esporte e tamb\u00e9m como cultura \u00e9 um desafio cont\u00ednuo \u201c, disse em seu discurso. \u00a0Membro do Conselho Cultural de Camb\u00e9 e do Conselho Municipal de Promo\u00e7\u00e3o da Igualdade Racial, Mestre Juliano lembrou que embora ela esteja entre os seis esportes mais praticados no nosso pa\u00eds, o valor da capoeira ainda \u00e9 mais reconhecido fora do Brasil.</p>\r\n<p>O vereador Jota Mattos, representante da C\u00e2mara Municipal no Conselho Municipal de Promo\u00e7\u00e3o da Igualdade Racial, refor\u00e7ou a import\u00e2ncia de projetos que levem a pr\u00e1tica da capoeira para os bairros de todas as regi\u00f5es da cidade. \u201cO esporte \u00e9 importante na constru\u00e7\u00e3o da identidade de nossos jovens e ajuda a formar cidad\u00e3os comprometidos com a coletividade \u201c, defendeu.</p>\r\n<p><b>Um pouco da hist\u00f3ria da capoeira em Camb\u00e9</b></p>\r\n<p>Em 1981 Claodeomir Catilho Vieira, o Mestre Zulu, trouxe a capoeira para Camb\u00e9. E apenas dois anos depois j\u00e1 dava aulas do esporte no Col\u00e9gio Estadual \u00c9rico Ver\u00edssimo para aproximadamente 200 alunos. Em pouco tempo a capoeira j\u00e1 estava em v\u00e1rias outras institui\u00e7\u00f5es de ensino ganhando reconhecimento e novos adeptos.</p>\r\n<p>Mestres Guanabara; Cidinho; \u00cdndio; Pai Gil; Maur\u00e3o, F\u00e1bio e os professores Amarildo; Mexicano; Escova; Vagninho; Gel\u00e9ia; Oscar e S\u00edlvio, muitos formados pelo Mestre Zulu, tamb\u00e9m se destacam como refer\u00eancia no esporte no munic\u00edpio.</p>\r\n<p>\u00a0</p>\r\n<p>\u00a0</p>\r\n<p>\u00a0</p>", "author_name": "celia", "version": "1.0", "author_url": "https://www.cambe.pr.leg.br/author/celia", "provider_name": "C\u00e2mara Municipal", "type": "rich"}