{"provider_url": "https://www.cambe.pr.leg.br", "title": "POPULA\u00c7\u00c3O EM SITUA\u00c7\u00c3O DE RUA  \u00c9 TEMA DE AUDI\u00caNCIA P\u00daBLICA", "html": "<p><em>\u00a0Na tarde de ter\u00e7a-feira (16/05) aconteceu no plen\u00e1rio da C\u00e2mara \u00a0a Audi\u00eancia P\u00fablica que tratou de assuntos referente as pessoas em situa\u00e7\u00e3o de rua em Camb\u00e9. Proposta pelo vereador Carlos Alberto Abudi- Berro (DEM), o objetivo do evento foi debater pol\u00edticas p\u00fablicas, a fim de\u00a0<em>encontrar solu\u00e7\u00f5es para redu\u00e7\u00e3o\u00a0</em></em><em>da popula\u00e7\u00e3o em situa\u00e7\u00e3o de rua na cidade.</em></p>\r\n<p><em>O tema foi apresentado pelo Assistente Social, Fabr\u00edcio da Silva Campanucci e pela Secret\u00e1ria Municipal de Assist\u00eancia Social, \u00c2ngela Cristina Pascueto.\u00a0</em><em>Participaram do evento, grande parte dos vereadores, \u00a0prefeito e diversas lideran\u00e7as que contribu\u00edram diretamente nas discuss</em><span>\u00f5es.</span></p>", "author_name": "Robson", "version": "1.0", "author_url": "https://www.cambe.pr.leg.br/author/Robson", "provider_name": "C\u00e2mara Municipal", "type": "rich"}