{"provider_url": "https://www.cambe.pr.leg.br", "title": "C\u00e2mara elege membros de comiss\u00f5es permanentes", "html": "<p style=\"text-align: justify;\">Para\r\n a Comiss\u00e3o de Constitui\u00e7\u00e3o, Justi\u00e7a, Legisla\u00e7\u00e3o, Or\u00e7amento, Finan\u00e7as, \r\nTributa\u00e7\u00e3o, Reda\u00e7\u00e3o de Leis, Aprecia\u00e7\u00e3o de Contas do Munic\u00edpio e Veto \r\nforam eleitos os vereadores Zezinho da Ra\u00e7\u00e3o, Estela Camata e Magnata. \r\nJ\u00e1 a Comiss\u00e3o de Obras P\u00fablicas, Via\u00e7\u00e3o, Urbanismo, Ecologia, Meio \r\nAmbiente, Sa\u00fade, Educa\u00e7\u00e3o, Assist\u00eancia Social, Cultura e Desportos foi \r\ncomposta por Paulo Soares, Z\u00e9 Ribeiro e Junior Felix. Da Comiss\u00e3o de \r\nParticipa\u00e7\u00e3o Popular, Trabalho, Habita\u00e7\u00e3o, Seguran\u00e7a, Legisla\u00e7\u00e3o Social e\r\n Servi\u00e7o P\u00fablico, Defesa do Consumidor e Direitos Humanos fazem parte os\r\n vereadores R\u00f4mulo Yanke, Conrado Scheller e Paulo Soares. A Comiss\u00e3o de\r\n \u00c9tica Parlamentar \u00e9 formada por Paulo Soares, Zezinho da Ra\u00e7\u00e3o e \r\nMagnata e tem como suplente R\u00f4mulo Yanke.</p>\r\n\r\n<p style=\"text-align: justify;\">Na\r\n pr\u00f3xima sess\u00e3o ordin\u00e1ria que ser\u00e1 realizada no pr\u00f3ximo dia 18, cada \r\ncomiss\u00e3o dever\u00e1 apresentar o presidente, relator e revisor. Tamb\u00e9m nesta\r\n sess\u00e3o ser\u00e3o conhecidas as lideran\u00e7as de cada partido que \r\nintegra o legislativo. \u00a0\u00a0\u00a0</p><br />", "author_name": "elis", "version": "1.0", "author_url": "https://www.cambe.pr.leg.br/author/elis", "provider_name": "C\u00e2mara Municipal", "type": "rich"}