{"provider_url": "https://www.cambe.pr.leg.br", "title": "C\u00e2mara entra em recesso no per\u00edodo de 17 de julho a 02 de agosto.", "html": "<p>Nesta segunda-feira 17/07 do corrente ano, o lesgislativo Cambeense realizou sua \u00faltima sess\u00e3o ordin\u00e1ria do primeiro semestre. Durante esta fase, foram apresentadas in\u00fameras indica\u00e7\u00f5es, projetos e requerimentos pelos vereadores.</p>\r\n<p>Cumprindo seu Regimento Interno, a C\u00e2mara Municipal de Camb\u00e9 entrou em recesso parlamentar no per\u00edodo compreendido de 17 de julho at\u00e9 02 de agosto.</p>\r\n<p>No per\u00edodo do recesso parlamentar, os trabalhos dos vereadores e os servi\u00e7os administrativos da C\u00e2mara continuam normalmente.\u00a0</p>\r\n<p>Sess\u00e3o ordin\u00e1ria:</p>\r\n<p>A pr\u00f3xima sess\u00e3o ordin\u00e1ria da C\u00e2mara de Camb\u00e9 est\u00e1 marcada para o dia 07/08, a primeira segunda-feira do m\u00eas em seu hor\u00e1rio habitual, iniciando a s\u00e9rie de sess\u00f5es do segundo semestre.</p>\r\n<p>At\u00e9 agora, 22 sess\u00f5es ordin\u00e1rias j\u00e1 foram realizadas em 2017.</p>\r\n<p>\u00a0\u00a0\u00a0\u00a0\u00a0\u00a0\u00a0\u00a0</p>\r\n<p>\u00a0</p>", "author_name": "joilton", "version": "1.0", "author_url": "https://www.cambe.pr.leg.br/author/joilton", "provider_name": "C\u00e2mara Municipal", "type": "rich"}