{"provider_url": "https://www.cambe.pr.leg.br", "title": "C\u00e2mara faz um minuto de sil\u00eancio", "html": "<p>Antes de come\u00e7arem os trabalhos da 34\u00aa sess\u00e3o ordin\u00e1ria desta segunda-feira (23/10), o plen\u00e1rio da C\u00e2mara de Camb\u00e9 realizou um minuto de sil\u00eancio em mem\u00f3ria e pesar, aos Cambeenses, Rosalina da Cunha Morandin e Paulo Bernardo da Silva, a iniciativa foi do vereador F\u00e1bio Fernandes \"PIO\" (PSDB).</p>\r\n<p>A C\u00e2mara Municipal de Camb\u00e9 presta as suas condol\u00eancias a todos os familiares e amigos. \u00a0</p>", "author_name": "joilton", "version": "1.0", "author_url": "https://www.cambe.pr.leg.br/author/joilton", "provider_name": "C\u00e2mara Municipal", "type": "rich"}