{"provider_url": "https://www.cambe.pr.leg.br", "title": "C\u00e2mara homenageia  Par\u00f3quia Santo Antonio", "html": "<p>A C\u00e2mara Municipal de Camb\u00e9 promoveu na \u00faltima ter\u00e7a-feira (11) uma sess\u00e3o solene em homenagem aos 70 anos de funda\u00e7\u00e3o da Par\u00f3quia Santo Antonio. Na oportunidade foi entregue o T\u00edtulo de Reconhecimento P\u00fablico por relevantes servi\u00e7os prestados \u00e0 comunidade. Estiveram presentes, o padre Amaury Jos\u00e9 Domingues, p\u00e1roco; o prefeito Jo\u00e3o Pavinato; o presidente da C\u00e2mara Conrado Scheller; os vereadores Cec\u00edlio Araujo (autor da proposta), Mario Som, Junior Felix; a vice-prefeita Aparecida Pascueto, al\u00e9m de religiosos e representantes da comunidade.\r<br />\r<br />No seu discurso, o vereador Cec\u00edlio Araujo lembrou as realiza\u00e7\u00f5es da par\u00f3quia durante sua exist\u00eancia e destacou o sentimento religioso predominante no povo de Camb\u00e9. \u201cQuando a Igreja evangeliza, ela est\u00e1 construindo um ser humano melhor\u201d, disse.\r<br />\r<br />J\u00e1 o padre Amaury Jos\u00e9 Domingues disse que \u201ctodos os Crist\u00e3os de Camb\u00e9 somam-se \u00e0 Par\u00f3quia Santo Antonio no trabalho do bem e na constru\u00e7\u00e3o de um mundo melhor, atrav\u00e9s da mensagem de Jesus Cristo\u201d. Ele lembrou ainda do trabalho e da contribui\u00e7\u00e3o de todos os sacerdotes que passaram pela par\u00f3quia e agradeceu, em nome dos cat\u00f3licos, a homenagem recebida.\r<br />\r<br />A solenidade teve ainda a participa\u00e7\u00e3o do Coral do Lar Santo Antonio e de Edson Luiz Zanuto que fez um relato da hist\u00f3ria da par\u00f3quia. Falaram tamb\u00e9m o prefeito Jo\u00e3o Pavinato e o presidente da C\u00e2mara Conrado Scheller.</p>", "author_name": "elis", "version": "1.0", "author_url": "https://www.cambe.pr.leg.br/author/elis", "provider_name": "C\u00e2mara Municipal", "type": "rich"}