{"provider_url": "https://www.cambe.pr.leg.br", "title": "C\u00e2mara homenageia Soldado da Pol\u00edcia Militar", "html": "<p align=\"center\" style=\"text-align: left; \">Por iniciativa do Vice-presidente \ud835\udc0d\ud835\udc22\ud835\udc25\ud835\udc2c\ud835\udc28\ud835\udc27 \ud835\udc1d\ud835\udc1a \ud835\udc01\ud835\udc1a\ud835\udc21\ud835\udc22\ud835\udc1a, os Vereadores de Camb\u00e9 aprovaram, por unanimidade, \ud835\udde0\ud835\udde2\u00c7\u00c3\ud835\udde2 \ud835\udddb\ud835\udde2\ud835\udde1\ud835\udde5\ud835\udde2\ud835\udde6\ud835\uddd4 em homenagem ao soldado da Pol\u00edcia Militar, \ud835\udc04\ud835\udc1d\ud835\udc2e\ud835\udc1a\ud835\udc2b\ud835\udc1d\ud835\udc28 \ud835\udc06\ud835\udc28\ud835\udc27\u00e7\ud835\udc1a\ud835\udc25\ud835\udc2f\ud835\udc1e\ud835\udc2c \ud835\udc02\ud835\udc1a\ud835\udc25\ud835\udc1d\ud835\udc1a\ud835\udc2c, por ato de coragem e bravura. Com 33 anos, natural de Camb\u00e9, h\u00e1 4 anos ele faz parte do quadro efetivo da Pol\u00edcia Militar do Paran\u00e1, lotado na 6\u00aa Companhia Independente de Ivaipor\u00e3, na regi\u00e3o do Vale do Iva\u00ed. Na sexta-feira (29), Nilson fez a entrega da Mo\u00e7\u00e3o ao homenageado.</p>\r\n<p>O Soldado Eduardo relatou que, no dia 7 de Maio, por volta das 11 horas da manh\u00e3, estava pintando um quarto de sua casa no Jardim Santo Amaro quando ouviu gritos de socorro. Imediatamente correu at\u00e9 uma resid\u00eancia pr\u00f3xima onde encontrou duas mulheres e uma crian\u00e7a em situa\u00e7\u00e3o de desespero por causa do fogo que come\u00e7ava a se alastrar pelo quarto. Ap\u00f3s acalm\u00e1-las, ele disse que, com uma mangueira, e depois com um extintor, conseguiu controlar o fogo. \u00a0\u00a0</p>\r\n<p>Ao tomar conhecimento dessa a\u00e7\u00e3o do Soldado Eduardo, por meio de coment\u00e1rios dos moradores daquela regi\u00e3o, o Vereador Nilson da Bahia tomou a iniciativa de homenage\u00e1-lo pela sua atitude de \u201ccoragem e bravura\u201d. Para o Vice-Presidente da C\u00e2mara, infelizmente as coisas ruins que est\u00e3o acontecendo sempre ganham grande destaque na m\u00eddia, mas ele acredita ser importante divulgar tamb\u00e9m as coisas positivas que est\u00e3o ocorrendo, como essa a\u00e7\u00e3o do Soldado Eduardo Gon\u00e7alves Caldas. \u00a0</p>\r\n<div class=\"youtubeVideoPipHoverScaleup\" id=\"mlqiuunabqkdsyoutubeVideoPipHoverContainer\"><img id=\"youtubeVideoPipHoverIcon\" /></div>", "author_name": "edinelsonalves", "version": "1.0", "author_url": "https://www.cambe.pr.leg.br/author/edinelsonalves", "provider_name": "C\u00e2mara Municipal", "type": "rich"}