{"provider_url": "https://www.cambe.pr.leg.br", "title": "Comando da PM ouve moradores na C\u00e2mara", "html": "<p>Na oportunidade foram \r\nabordados os principais problemas da comunidade, como a falta de \r\nilumina\u00e7\u00e3o de alguns pontos espec\u00edficos, falta de seguran\u00e7a nas \r\nproximidades e at\u00e9 mesmo interior do Col\u00e9gio Antonio Raminelli, venda de\r\n bebida alco\u00f3lica para alunos menores de idade em estabelecimentos \r\npr\u00f3ximos do estabelecimento de ensino, falta de um patrulhamento \r\nrotineiro da PM em per\u00edodo noturno, principalmente nas avenidas e melhor\r\n fiscaliza\u00e7\u00e3o do tr\u00e2nsito. </p><p>O\r\n diretor do Col\u00e9gio Antonio Raminelli, Orlando Arruda Botelho, elogiou o\r\n trabalho da Patrulha Escolar, mas registrou a necessidade de uma \r\npresen\u00e7a mais efetiva da policia. J\u00e1 o presidente da Associa\u00e7\u00e3o de \r\nMoradores do Jardim Ana Rosa, Jose Vieira Rodrigues, o \u201cZ\u00e9 do M\u00e9\u201d,\u00a0 \r\ncobrou tamb\u00e9m mais policiais para a regi\u00e3o, al\u00e9m de uma fiscaliza\u00e7\u00e3o \r\nmaior no tr\u00e2nsito. Pais de alunos e moradores tamb\u00e9m fizeram suas \r\nreivindica\u00e7\u00f5es.</p><p>O \r\nnovo comandante da Policia Militar Capit\u00e3o Ribeiro, demonstrou seu \r\ninteresse em se instalar em Camb\u00e9 para poder desenvolver um trabalho de \r\nresultados. Para ele, a integra\u00e7\u00e3o entre sociedade e a policia \u00e9 \r\nfundamental. \u201cQuero desenvolver um grande trabalho nesta cidade. Para \r\nisto, espero contar com a ajuda das pessoas de bem, principalmente das \r\nentidades religiosas, que podem colaborar significativamente na \r\nrecupera\u00e7\u00e3o daqueles que reiteradamente vivem \u00e0s margens da sociedade\u201d, \r\ndisse.</p><p>Para o \r\nvereador Zezinho da Ra\u00e7\u00e3o \u201cos comerciantes e moradores do Jardim Ana \r\nRosa tiveram a oportunidade de fazer suas reclama\u00e7\u00f5es diretamente ao \r\ncomando da Policia Militar em uma reuni\u00e3o bastante proveitosa que trar\u00e1 \r\nresultados positivos \u00e0 comunidade\u201d. </p>", "author_name": "", "version": "1.0", "author_url": "https://www.cambe.pr.leg.br/author/cbe", "provider_name": "C\u00e2mara Municipal", "type": "rich"}