{"provider_url": "https://www.cambe.pr.leg.br", "title": "Comiss\u00f5es permanentes definem cargos", "html": "<p>Para a Comiss\u00e3o de Constitui\u00e7\u00e3o, Justi\u00e7a, Legisla\u00e7\u00e3o, Or\u00e7amento, Finan\u00e7as, Tributa\u00e7\u00e3o, Reda\u00e7\u00e3o de Leis, Aprecia\u00e7\u00e3o de Contas do Munic\u00edpio e Veto, Mario Som foi escolhido como presidente, Osvaldo do Ana Rosa (relator) e Irineu Defende (revisor).\r<br />\r<br />Na Comiss\u00e3o de Obras P\u00fablicas, Via\u00e7\u00e3o, Urbanismo, Ecologia, Meio Ambiente, Sa\u00fade, Educa\u00e7\u00e3o, Assist\u00eancia Social, Cultura e Desportos ficaram Paulo Tardiolle (presidente), Ivani da Unidefi (relatora) e Junior Felix (revisor).\r<br />\r<br />J\u00e1 a Comiss\u00e3o de Participa\u00e7\u00e3o Popular, Trabalho, Habita\u00e7\u00e3o, Seguran\u00e7a, Legisla\u00e7\u00e3o Social e Servi\u00e7o P\u00fablico, Defesa do Consumidor e Direitos Humanos est\u00e1 composta por Junior Felix (presidente), Paulo Tardiolle (relator) e Alzira da Farm\u00e1cia (revisora).\r<br />\r<br />Finalmente, a Comiss\u00e3o de \u00c9tica Parlamentar est\u00e1 formada pelos vereadores Osvaldo do Ana Rosa (presidente), M\u00e1rio Som (relator), Alzira da Farm\u00e1cia (membro) e Junior Felix (suplente).</p>", "author_name": "elis", "version": "1.0", "author_url": "https://www.cambe.pr.leg.br/author/elis", "provider_name": "C\u00e2mara Municipal", "type": "rich"}