{"provider_url": "https://www.cambe.pr.leg.br", "title": "Comiss\u00f5es Permanentes definem cargos", "html": "<p>A\r\n Comiss\u00e3o de Constitui\u00e7\u00e3o, Justi\u00e7a, Legisla\u00e7\u00e3o, Or\u00e7amento, Finan\u00e7as, \r\nTributa\u00e7\u00e3o, Reda\u00e7\u00e3o de Leis, Aprecia\u00e7\u00e3o de Contas do Munic\u00edpio e Veto \r\nter\u00e1 como presidente Zezinho da Ra\u00e7\u00e3o, relator Magnata e revisora Estela\r\n Camata.</p><p>\r\n A Comiss\u00e3o de Obras P\u00fablicas, Via\u00e7\u00e3o, Urbanismo, Ecologia, Meio \r\nAmbiente, Sa\u00fade, Educa\u00e7\u00e3o, Assist\u00eancia Social, Cultura e Desportos, ser\u00e1\r\n presidida por Paulo Soares e ter\u00e1 como relator Junior Felix e revisor \r\nZ\u00e9 Ribeiro. Na Comiss\u00e3o de Participa\u00e7\u00e3o Popular, Trabalho, Habita\u00e7\u00e3o, \r\nSeguran\u00e7a, Legisla\u00e7\u00e3o Social e Servi\u00e7o P\u00fablico, Defesa do Consumidor e \r\nDireitos Humanos, o presidente ser\u00e1 R\u00f4mulo Yanke, relator Conrado \r\nScheller e revisor Junior Felix. A Comiss\u00e3o de \u00c9tica Parlamentar vai ser\r\n presidida por Magnata e ter\u00e1 como relator Zezinho da Ra\u00e7\u00e3o, corregedor \r\nPaulo Soares e suplente R\u00f4mulo Yanke. </p>", "author_name": "elis", "version": "1.0", "author_url": "https://www.cambe.pr.leg.br/author/elis", "provider_name": "C\u00e2mara Municipal", "type": "rich"}