{"provider_url": "https://www.cambe.pr.leg.br", "title": "Comiss\u00f5es Permanentes definem cargos", "html": "<p></p><p>\r\n\r\n<p><b>A Comiss\u00e3o de Constitui\u00e7\u00e3o, Justi\u00e7a, Legisla\u00e7\u00e3o,\r\nOr\u00e7amento, Finan\u00e7as, Tributa\u00e7\u00e3o, Reda\u00e7\u00e3o de Leis, Aprecia\u00e7\u00e3o de Contas do\r\nMunic\u00edpio e Veto</b> ter\u00e1\r\ncomo presidente Junior Felix, relator Magnata e revisor Z\u00e9 Ribeiro.</p>\r\n\r\n<b>A Comiss\u00e3o de Obras P\u00fablicas, Via\u00e7\u00e3o, Urbanismo,\r\nEcologia, Meio Ambiente, Sa\u00fade, Educa\u00e7\u00e3o, Assist\u00eancia Social, Cultura e\r\nDesportos</b>, ser\u00e1 presidida por Elizeu\r\nVidotti e ter\u00e1 como relator Conrado Scheller e revisor R\u00f4mulo Yanke. <b>Na Comiss\u00e3o de Participa\u00e7\u00e3o Popular,\r\nTrabalho, Habita\u00e7\u00e3o, Seguran\u00e7a, Legisla\u00e7\u00e3o Social e Servi\u00e7o P\u00fablico, Defesa do\r\nConsumidor e Direitos Humanos</b>, o presidente ser\u00e1 Cec\u00edlio Ara\u00fajo, relator R\u00f4mulo\r\nYanke e revisor Zezinho da Ra\u00e7\u00e3o. <b>A\r\nComiss\u00e3o de \u00c9tica Parlamentar</b> vai ser presidida por R\u00f4mulo Yanke e ter\u00e1\r\ncomo relator Junior Felix, corregedor Magnata e suplente Cec\u00edlio Ara\u00fajo.</p><p><br /></p><p><img class=\"image-inline\" src=\"../imagens/FOTO%20CCJ.jpg\" alt=\"ccj\" /></p><p>Membros da Comiss\u00e3o\r\nde Constitui\u00e7\u00e3o, Justi\u00e7a, Legisla\u00e7\u00e3o, Or\u00e7amento, Finan\u00e7as, Tributa\u00e7\u00e3o, Reda\u00e7\u00e3o\r\nde Leis, Aprecia\u00e7\u00e3o de Contas do Munic\u00edpio e Veto  </p><p><br /></p><p><br /></p><p><img class=\"image-inline\" src=\"../imagens/FOTO%20OBRAS.jpg\" alt=\"obras\" /></p><p>Membros da Comiss\u00e3o\r\nde Obras P\u00fablicas, Via\u00e7\u00e3o, Urbanismo, Ecologia, Meio Ambiente, Sa\u00fade, Educa\u00e7\u00e3o,\r\nAssist\u00eancia Social, Cultura e Desportos</p><p><br /></p><p><img class=\"image-inline\" src=\"../imagens/FOTO%20POPULAR.jpg\" alt=\"popular\" /></p><p>Membros da Comiss\u00e3o\r\nde Participa\u00e7\u00e3o Popular, Trabalho, Habita\u00e7\u00e3o, Seguran\u00e7a, Legisla\u00e7\u00e3o Social e\r\nServi\u00e7o P\u00fablico, Defesa do Consumidor e Direitos Humanos</p><p><br /></p><p><img class=\"image-inline\" src=\"../imagens/FOTO%20ETICA.jpg\" alt=\"\u00e9tica\" /></p><p>Membros da Comiss\u00e3o\r\nde \u00c9tica Parlamentar <br /></p><p><br /></p>", "author_name": "elis", "version": "1.0", "author_url": "https://www.cambe.pr.leg.br/author/elis", "provider_name": "C\u00e2mara Municipal", "type": "rich"}