{"provider_url": "https://www.cambe.pr.leg.br", "title": "Comiss\u00f5es Permanentes definem cargos", "html": "<p></p><p>\r\n\r\n</p><p style=\"text-align: justify;\"><b>A\r\nComiss\u00e3o de Constitui\u00e7\u00e3o, Justi\u00e7a, Legisla\u00e7\u00e3o, Or\u00e7amento, Finan\u00e7as, Tributa\u00e7\u00e3o,\r\nReda\u00e7\u00e3o de Proposi\u00e7\u00f5es Legislativas, Aprecia\u00e7\u00e3o de Contas do Munic\u00edpio e Veto</b> ter\u00e1 como presidente Junior\r\nFelix, relator Magnata e revisor Z\u00e9 Ribeiro.</p>\r\n\r\n<p style=\"text-align: justify;\"><b>A\r\nComiss\u00e3o de Obras P\u00fablicas, Via\u00e7\u00e3o, Urbanismo, Ecologia, Meio Ambiente, Sa\u00fade,\r\nEduca\u00e7\u00e3o, Assist\u00eancia Social, Cultura e Desportos</b>, ser\u00e1 presidida por Elizeu\r\nVidotti e ter\u00e1 como relator Conrado Scheller e revisor R\u00f4mulo Yanke. <b>Na Comiss\u00e3o\r\nde Participa\u00e7\u00e3o Popular, Trabalho, Habita\u00e7\u00e3o, Acessibilidade, Seguran\u00e7a, Legisla\u00e7\u00e3o Social e\r\nServi\u00e7o P\u00fablico, Defesa do Consumidor e Direitos Humanos</b>, o presidente ser\u00e1\r\nCec\u00edlio Ara\u00fajo, relator R\u00f4mulo Yanke e revisor Zezinho da Ra\u00e7\u00e3o. <b>O Conselho\r\nde \u00c9tica Parlamentar</b> vai ser presidido por R\u00f4mulo Yanke e ter\u00e1 como relator\r\nZ\u00e9 Ribeiro, corregedor Junior Felix e suplente Elizeu Vidotti.</p><p style=\"text-align: justify;\"><br /></p><p style=\"text-align: justify;\"><img class=\"image-inline\" src=\"../imagens/CCJ%201.jpg\" alt=\"CCJ 2016\" /></p><p style=\"text-align: justify;\"></p><p style=\"text-align: justify;\">\r\n\r\n<p style=\"text-align: justify;\">Membros da Comiss\u00e3o de\r\nConstitui\u00e7\u00e3o, Justi\u00e7a, Legisla\u00e7\u00e3o, Or\u00e7amento, Finan\u00e7as, Tributa\u00e7\u00e3o, Reda\u00e7\u00e3o de Proposi\u00e7\u00f5es Legislativas, Aprecia\u00e7\u00e3o de Contas do Munic\u00edpio e Veto</p>\r\n\r\n</p><p style=\"text-align: justify;\"><br /></p><p style=\"text-align: justify;\"><img class=\"image-inline\" src=\"../imagens/OBRAS%201.jpg\" alt=\"OBRAS 2016\" /></p><p style=\"text-align: justify;\"></p><p style=\"text-align: justify;\">Membros\r\nda Comiss\u00e3o de Obras P\u00fablicas, Via\u00e7\u00e3o, Urbanismo, Ecologia, Meio Ambiente,\r\nSa\u00fade, Educa\u00e7\u00e3o, Assist\u00eancia Social, Cultura e Desportos</p><p style=\"text-align: justify;\"><br /></p><p style=\"text-align: justify;\"><img class=\"image-inline\" src=\"../imagens/POPULAR%201.jpg\" alt=\"POPULAR 2016\" /></p><p style=\"text-align: justify;\"></p><p style=\"text-align: justify;\">Membros\r\nda Comiss\u00e3o de Participa\u00e7\u00e3o Popular, Trabalho, Habita\u00e7\u00e3o, Acessibilidade, Seguran\u00e7a, Legisla\u00e7\u00e3o\r\nSocial e Servi\u00e7o P\u00fablico, Defesa do Consumidor e Direitos Humanos</p><p style=\"text-align: justify;\"><br /></p><p style=\"text-align: justify;\"><img class=\"image-inline\" src=\"../imagens/ETICA%201.jpg\" alt=\"\u00c9TICA 2016\" /></p><p style=\"text-align: justify;\"></p><p style=\"text-align: justify;\">\r\n\r\n<p style=\"text-align: justify;\">Membros do Conselho de \u00c9tica\r\nParlamentar</p>\r\n\r\n</p>\r\n\r\n<p></p>", "author_name": "elis", "version": "1.0", "author_url": "https://www.cambe.pr.leg.br/author/elis", "provider_name": "C\u00e2mara Municipal", "type": "rich"}