{"provider_url": "https://www.cambe.pr.leg.br", "title": "Comunicado", "html": "<p>A C\u00e2mara Municipal de Camb\u00e9 informa que nesta segunda-feira (20) ficou considerado ponto facultativo nas Reparti\u00e7\u00f5es P\u00fablicas Municipais, em decorr\u00eancia do feriado nacional de Tiradentes, dia 21 (ter\u00e7a-feira), atrav\u00e9s do decreto municipal n\u00b0 437 de 13 de abril de 2015. A C\u00e2mara Municipal retorna com suas atividades a partir de quarta-feira (22) em seu hor\u00e1rio normal de funcionamento, onde realiza a 12\u00aa Sess\u00e3o Ordin\u00e1ria a partir das 19h00 no Plen\u00e1rio Legislativo na Avenida Inglaterra, 655</p>", "author_name": "imprensa", "version": "1.0", "author_url": "https://www.cambe.pr.leg.br/author/imprensa", "provider_name": "C\u00e2mara Municipal", "type": "rich"}