{"provider_url": "https://www.cambe.pr.leg.br", "title": "Comunidade atenta aos trabalhos dos vereadores", "html": "<p>Esse\r\n interesse pelo trabalho dos vereadores est\u00e1 trazendo uma motiva\u00e7\u00e3o \r\nespecial aos parlamentares que podem se manifestar e repercutir \r\nclaramente seus posicionamentos com rela\u00e7\u00e3o aos assuntos que s\u00e3o \r\ndebatidos.</p><p>Al\u00e9m disso, a transmiss\u00e3o ao vivo pela TV Camb\u00e9, canal 36, e pelos sites <a href=\"http://cmcambe.pr.gov.br\" target=\"_blank\">cmcambe.pr.gov.br</a> e <a href=\"http://portalcambe.com.br\" target=\"_blank\">portalcambe.com.br</a>, garantem a transpar\u00eancia para toda a popula\u00e7\u00e3o.</p><p>Na\r\n opini\u00e3o do presidente Elizeu Vidotti, \u201c\u00e9 muito importante que a \r\npopula\u00e7\u00e3o tenha a oportunidade de tomar conhecimento de tudo o que \u00e9 \r\ntratado pela C\u00e2mara Municipal. \u00c9 um direito dos moradores que vamos \r\ngarantir e cada vez mais oportunizar outras formas de comunica\u00e7\u00e3o para \r\nfazer chegar as informa\u00e7\u00f5es sobre nossas a\u00e7\u00f5es como representantes da \r\ncomunidade. Nosso objetivo \u00e9 fazer prevalecer a democracia, a \r\ntranspar\u00eancia e principalmente estimular a participa\u00e7\u00e3o de nossa gente \r\nem todas as decis\u00f5es a serem tomadas pelos vereadores\u201d, disse.\u00a0 <br /></p><p><br /></p><p><img class=\"image-inline\" src=\"../imagens/PLENARIO-1.jpg\" alt=\"PLENARIO 1\" /><br /></p>", "author_name": "elis", "version": "1.0", "author_url": "https://www.cambe.pr.leg.br/author/elis", "provider_name": "C\u00e2mara Municipal", "type": "rich"}