{"provider_url": "https://www.cambe.pr.leg.br", "title": "Audi\u00eancia p\u00fablica debater\u00e1 demandas de pessoas em situa\u00e7\u00e3o de rua", "html": "<p>Temos a grata satisfa\u00e7\u00e3o de convidar Vossa Senhoria para AUDI\u00caNCIA P\u00daBLICA solicitada pelo vereador Carlos Alberto Abudi \u2013 Berro (DEM), que ser\u00e1 realizada no dia 16 de maio (ter\u00e7a-feira), com in\u00edcio \u00e0s 13h30m (treze horas e trinta minutos), no recinto da C\u00e2mara Municipal para tratar de assuntos referentes \u00e0s \u201cPessoas em situa\u00e7\u00e3o de rua\u201d, com os seguintes palestrantes:</p>\r\n<p>Angela Cristina Pascueto do Amaral \u2013 Secret\u00e1ria Municipal de Assist\u00eancia Social;</p>\r\n<p>Fabr\u00edcio da Silva Campanucci \u2013 Assistente Social da Secretaria Municipal de Assist\u00eancia Social.</p>\r\n<p>Estar\u00e3o presentes vereadores, representantes do Executivo Municipal da Secretaria Municipal de A\u00e7\u00e3o Social do Minist\u00e9rio P\u00fablico e das Igrejas do Munic\u00edpio de Camb\u00e9.</p>\r\n<p>\u00a0\u00a0\u00a0\u00a0\u00a0\u00a0\u00a0\u00a0\u00a0\u00a0\u00a0\u00a0\u00a0\u00a0\u00a0\u00a0\u00a0\u00a0\u00a0\u00a0\u00a0\u00a0\u00a0\u00a0\u00a0\u00a0\u00a0\u00a0\u00a0\u00a0\u00a0\u00a0\u00a0\u00a0\u00a0\u00a0\u00a0\u00a0\u00a0\u00a0\u00a0\u00a0\u00a0\u00a0\u00a0\u00a0\u00a0\u00a0\u00a0\u00a0\u00a0\u00a0\u00a0\u00a0\u00a0\u00a0\u00a0\u00a0\u00a0\u00a0 Compare\u00e7a sua presen\u00e7a \u00e9 muito importante!</p>", "author_name": "Robson", "version": "1.0", "author_url": "https://www.cambe.pr.leg.br/author/Robson", "provider_name": "C\u00e2mara Municipal", "type": "rich"}