{"provider_url": "https://www.cambe.pr.leg.br", "title": "\u201cBi\u00eanio da Matem\u00e1tica\u201dser\u00e1 lan\u00e7ado em Camb\u00e9 na sexta-feira (05)", "html": "<p>\u00a0</p>\r\n<p><span>Ser\u00e1 realizado, na pr\u00f3xima sexta-feira (05), o lan\u00e7amento do \u201cBi\u00eanio da Matem\u00e1tica 2017-2018\u201d no munic\u00edpio de Camb\u00e9.\u00a0</span><span>Promovido pela primeira vez no Brasil, o evento tem como finalidade valorizar o ensino da matem\u00e1tica, do racioc\u00ednio l\u00f3gico e o desenvolvimento da educa\u00e7\u00e3o no Pa\u00eds, envolvendo governos, sociedade civil, escolas e a comunidade em geral.</span></p>\r\n<p><span>Em Camb\u00e9, o lan\u00e7amento \u00a0\u00e9 promovido pela C\u00e2mara Municipal e conta com o apoio da Prefeitura, atrav\u00e9s da Secretaria Municipal de Educa\u00e7\u00e3o. A cerim\u00f4nia ser\u00e1 \u00e0s 14 horas, no Plen\u00e1rio da C\u00e2mara Municipal de Camb\u00e9, na avenida Inglaterra, 655, centro.</span></p>\r\n<p><span>\u00a0</span></p>\r\n<p><strong><span>Bi\u00eanio da Matem\u00e1tica \u2013</span></strong><span class=\"apple-converted-space\"><span>\u00a0</span></span><span>Para fortalecer o ensino da disciplina da matem\u00e1tica e disseminar a\u00e7\u00f5es educativas pelo Brasil, o \u201cBi\u00eanio da Matem\u00e1tica\u201d ter\u00e1, em 2017 e 2018, diversos eventos e atividades que colocar\u00e3o em destaque a Matem\u00e1tica, a Ci\u00eancia e a Tecnologia. Nesse per\u00edodo, o Brasil sediar\u00e1 dois eventos de relev\u00e2ncia internacional: a Olimp\u00edada Internacional de Matem\u00e1tica (IMO 2017), com a participa\u00e7\u00e3o de mais de 140 pa\u00edses, e o renomado Congresso Internacional de Matem\u00e1ticos (ICM 2018), que tem 128 anos de exist\u00eancia e 27 edi\u00e7\u00f5es. Trata-se do maior e mais conceituado evento da Matem\u00e1tica mundial.</span></p>\r\n<p><span>Ser\u00e3o contemplados com as atividades estudantes, professores, pesquisadores, cientistas e o p\u00fablico em geral.Todas as informa\u00e7\u00f5es e a programa\u00e7\u00e3o de eventos do Bi\u00eanio da Matem\u00e1tica est\u00e3o dispon\u00edveis no endere\u00e7o www.bieniodamatematica.org.br .</span></p>\r\n<p><span><br /> <strong><span>Iniciativa</span></strong><span class=\"apple-converted-space\">\u00a0</span>- O \u201cBi\u00eanio da Matem\u00e1tica 2017-2018 Gomes de Sousa\u201d foi viabilizado por iniciativa legislativa dos deputados federais Alex Canziani, Pedro Fernandes e Wilson Filho. Foi proclamado pelo Congresso Nacional, por meio da Lei Ordin\u00e1ria 13.358 de 7 de novembro de 2016, e conta com o apoio do Minist\u00e9rio da Ci\u00eancia, Tecnologia, Inova\u00e7\u00f5es e Comunica\u00e7\u00f5es e do Minist\u00e9rio da Educa\u00e7\u00e3o.</span></p>\r\n<p><span>Em 2015, no \u00faltimo exame do \u201cProgramme for International Student Assessment\u201d (PISA), da Organiza\u00e7\u00e3o para a Coopera\u00e7\u00e3o e Desenvolvimento Econ\u00f4mico, os brasileiros ficaram na 66\u00aa posi\u00e7\u00e3o dentre 72 pa\u00edses pesquisados, terminando os exames 70% abaixo do esperado na matem\u00e1tica.</span></p>\r\n<p><span>Por isso, a inten\u00e7\u00e3o do projeto \u00e9 estimular a\u00e7\u00f5es positivas no sentido de refor\u00e7ar a abordagem do racioc\u00ednio l\u00f3gico e abstrato e dar for\u00e7a ao ensino da matem\u00e1tica no Brasil, o que contribuir\u00e1 para que o pa\u00eds melhore sua coloca\u00e7\u00e3o nas avalia\u00e7\u00f5es existentes.</span></p>", "author_name": "Robson", "version": "1.0", "author_url": "https://www.cambe.pr.leg.br/author/Robson", "provider_name": "C\u00e2mara Municipal", "type": "rich"}