{"provider_url": "https://www.cambe.pr.leg.br", "title": " AUDI\u00caNCIA P\u00daBLICA DISCUTE DIRETRIZES PARA ELABORA\u00c7\u00c3O DA LEI OR\u00c7AMENT\u00c1RIA 2018", "html": "<p>A comiss\u00e3o de constitui\u00e7\u00e3o, justi\u00e7a, legisla\u00e7\u00e3o, or\u00e7amento, finan\u00e7as, tributa\u00e7\u00e3o, reda\u00e7\u00e3o de leis, aprecia\u00e7\u00e3o de contas do munic\u00edpio e veto da C\u00e2mara Municipal de Camb\u00e9, usando das atribui\u00e7\u00f5es que lhe s\u00e3o conferidas, e em conformidade com o par\u00e1grafo \u00fanico do artigo 48, da lei complementar n\u00ba 101, de 04 de maio de 2000.</p>\r\n<p>\u00a0\u00a0\u00a0\u00a0\u00a0\u00a0\u00a0\u00a0\u00a0\u00a0\u00a0 RESOLVE:</p>\r\n<p>Convocar toda a comunidade cambeense para participar da audi\u00eancia p\u00fablica, a ser realizada \u00e0s 9:30 (nove horas e trinta minutos) do dia 08 de junho de 2017, no Plen\u00e1rio da C\u00e2mara Municipal, para discuss\u00e3o e apresenta\u00e7\u00e3o de propostas ao projeto de Lei n\u00ba 08/2017 que \u201cDisp\u00f5e sobre as diretrizes para elabora\u00e7\u00e3o da Lei Or\u00e7ament\u00e1ria para o exerc\u00edcio de 2018 e d\u00e1 outras provid\u00eancias\u201d.</p>\r\n<p>\u00a0\u00a0\u00a0\u00a0\u00a0\u00a0\u00a0\u00a0\u00a0\u00a0\u00a0\u00a0\u00a0\u00a0\u00a0\u00a0\u00a0\u00a0\u00a0\u00a0\u00a0\u00a0\u00a0\u00a0\u00a0\u00a0\u00a0\u00a0\u00a0\u00a0\u00a0\u00a0\u00a0\u00a0\u00a0\u00a0\u00a0\u00a0\u00a0\u00a0\u00a0\u00a0\u00a0\u00a0\u00a0\u00a0\u00a0\u00a0\u00a0\u00a0\u00a0\u00a0\u00a0\u00a0\u00a0\u00a0\u00a0\u00a0\u00a0\u00a0\u00a0\u00a0\u00a0\u00a0\u00a0</p>\r\n<p>\u00a0\u00a0\u00a0 Jos\u00e9 Carlos Camargo-Presidente</p>\r\n<p>\u00a0\u00a0 F\u00e1bio Fernandes- Relator</p>\r\n<p>\u00a0 Nilson Ribeiro Santos-Revisor</p>", "author_name": "Robson", "version": "1.0", "author_url": "https://www.cambe.pr.leg.br/author/Robson", "provider_name": "C\u00e2mara Municipal", "type": "rich"}