{"provider_url": "https://www.cambe.pr.leg.br", "title": "Fraternidade e Pol\u00edticas P\u00fablicas", "html": "<p><span>Esse foi o tema abordado pelo Arcebispo D. Geremais na audi\u00eancia p\u00fablica promovida na quinta-feira (23) pela C\u00e2mara de Camb\u00e9. O l\u00edder religioso disse que \"O pensamento da Igreja neste momento busca oferecer palavras orientadoras para manter o povo unido, trabalhando\u00a0</span><span>para que permane\u00e7a vivo o dom da esperan\u00e7a. \u00c9 f\u00e1cil querer resolver os nossos problemas pela viol\u00eancia,\u00a0</span><span>falta de</span><span class=\"text_exposed_show\">\u00a0respeito e intoler\u00e2ncia, mas vivemos num pa\u00eds democr\u00e1tico, e como tal, temos que manter a\u00a0</span><span>virtude do di\u00e1logo\".</span></p>\r\n<p><span></span><span>D. Geremias destacou que, a Campanha da Fraternidade, ao longo dos anos tem ajudado o povo brasileiro a fazer uma importante reflex\u00e3o sobre temas como Sa\u00fade, Educa\u00e7\u00e3o, \u00c1gua, Negro,Terra e outros temas oportunos como \"Fraternidade e Pol\u00edticas P\u00fablicas\".\u00a0</span></p>\r\n<p><span class=\"text_exposed_show\">O Vereador Leonildo Aparecido Juli\u00e3o (Tokinho), proponente da audi\u00eancia p\u00fablica. afirmou que a Campanha da Fraternidade \u00e9 um valioso instrumento de apoio \u00e0 convers\u00e3o, um chamado \u00e1 participa\u00e7\u00e3o para o fortalecimento da cidadania\".\u00a0<br />Para o Presidente da C\u00e2mara de Camb\u00e9, Jos\u00e9 Carlos Camargo (Zezinho da Ra\u00e7\u00e3o), foi uma honra ter \u00e0 participa\u00e7\u00e3o de D. Geremias na discuss\u00e3o de um tema t\u00e3o oportuno e importante.\u00a0</span></p>\r\n<p><span class=\"text_exposed_show\">O vice-prefeito Conrado Scheller, os vereadores Carlos Alberto Abud (Berro) e Paulo Soares, o Padre Josenildo Dias Pires e outras lideran\u00e7as comunit\u00e1rias participaram da audi\u00eancia p\u00fablica.</span></p>", "author_name": "Assessoria de Imprensa", "version": "1.0", "author_url": "https://www.cambe.pr.leg.br/author/Assessoria de Imprensa", "provider_name": "C\u00e2mara Municipal", "type": "rich"}