{"provider_url": "https://www.cambe.pr.leg.br", "title": "Gerente do CREA faz palestra na C\u00e2mara", "html": "<p>Jeferson\r\nentregou para os vereadores um CD onde est\u00e3o disponibilizados 19 cadernos\r\nt\u00e9cnicos com orienta\u00e7\u00f5es sobre o desenvolvimento de projetos abordando diversos\r\ntemas, como, acessibilidade, preven\u00e7\u00e3o em cat\u00e1strofes, cercas eletrificadas,\r\nconserva\u00e7\u00e3o de solo e \u00e1guas, constru\u00e7\u00e3o \u00e9 coisa s\u00e9ria, programas e servi\u00e7os,\r\nid\u00e9ias e solu\u00e7\u00f5es para os munic\u00edpios, ilumina\u00e7\u00e3o p\u00fablica, instala\u00e7\u00f5es\r\nprovis\u00f3rias (parques, circos, arquibancadas, etc.), licenciamentos ambientais,\r\nlicita\u00e7\u00f5es de obras p\u00fablicas, nossos munic\u00edpios mais seguros, obten\u00e7\u00e3o de\r\nrecursos, produtos org\u00e2nicos, planos diretores, inspe\u00e7\u00e3o de manuten\u00e7\u00e3o predial,\r\nres\u00edduos s\u00f3lidos, saneamento ambiental e uso e re\u00faso de \u00e1gua.</p>", "author_name": "elis", "version": "1.0", "author_url": "https://www.cambe.pr.leg.br/author/elis", "provider_name": "C\u00e2mara Municipal", "type": "rich"}