{"provider_url": "https://www.cambe.pr.leg.br", "title": "Homenagem \u00e0 pioneira ser\u00e1 dia 5 de agosto", "html": "<p></p><p>\r\n\r\n<div>\r\n\r\n<p>A homenagem\r\nfoi proposta pela vereadora Estela Camata e aprovada por unanimidade de\r\nvotos\u00a0 dos vereadores na sess\u00e3o do \u00faltimo\r\ndia 1\u00ba de junho.\u00a0 </p>\r\n\r\n</div>\r\n\r\n<p>Natural de Dobrada, no estado de S\u00e3o Paulo, a pioneira chegou \u00e0 Camb\u00e9 em\r\n1945, juntamente com seu marido Altino Gorni e a filha mais velha. Aqui no\r\nmunic\u00edpio teve mais quatro filhos e hoje, com 94 anos de idade, tem 13 netos e\r\n14 bisnetos.</p>\r\n\r\n</p>", "author_name": "elis", "version": "1.0", "author_url": "https://www.cambe.pr.leg.br/author/elis", "provider_name": "C\u00e2mara Municipal", "type": "rich"}