{"provider_url": "https://www.cambe.pr.leg.br", "title": "Informativo", "html": "<p>\u00c0 \r<br />\r<br />C\u00e2mara de Vereadores de Camb\u00e9\r<br />\r<br />AT. Sr. Paulo Soares nora\r<br />\r<br />Prezado Presidente\r<br />\r<br />\r<br />          A Camb\u00e9 V\u00eddeos S/S Ltda, prestadora de servi\u00e7os junto a esta Casa para transmiss\u00e3o das Sess\u00f5es Legislativas, vem comunicar que est\u00e1 enfrentando problemas t\u00e9cnicos para a execu\u00e7\u00e3o das transmiss\u00f5es ao vivo. Esse problema \u00e9 passageiro, mas estamos na depend\u00eancia da chegada de pe\u00e7as de reposi\u00e7\u00e3o.\r<br />          Caso seja da concord\u00e2ncia do nobre Presidente, faremos a grava\u00e7\u00e3o da Sess\u00e3o e posteriormente, ou seja, no dia seguinte, no mesmo hor\u00e1rio, faremos a exibi\u00e7\u00e3o da mesma na \u00edntegra e sem cortes.\r<br />          Certos de Vossa compreens\u00e3o, nos colocamos \u00e0 disposi\u00e7\u00e3o.\r<br />\r<br />\r<br />                                 Atenciosamente\r<br />\r<br />                             Camb\u00e9 V\u00eddeos S/S Ltda\r<br />                         Rua Dinamarca, 760 - Camb\u00e9-PR</p>", "author_name": "elis", "version": "1.0", "author_url": "https://www.cambe.pr.leg.br/author/elis", "provider_name": "C\u00e2mara Municipal", "type": "rich"}