{"provider_url": "https://www.cambe.pr.leg.br", "title": "Irm\u00e3 Jardini recebe a Comenda Gr\u00e3o de Caf\u00e9", "html": "<p></p><p>A \r\nsolenidade foi realizada na C\u00e2mara Municipal e contou com a presen\u00e7a do \r\npresidente Conrado Scheller, dos vereadores Cec\u00edlio Ara\u00fajo (autor da \r\nproposi\u00e7\u00e3o), Alzira da Farm\u00e1cia, Irineu Defende, Ivani da Unidefi, Zezinho da \r\nRa\u00e7\u00e3o, Junior Felix, Mario Som e Osvaldo do Ana Rosa, al\u00e9m do prefeito Jo\u00e3o \r\nPavinato, do padre Amaury Jos\u00e9 Domingues, da Irm\u00e3 Aparecida de Lourdes Arado, \r\nque representou a superiora geral das Mission\u00e1rias Claretianas, lideran\u00e7as \r\ncomunit\u00e1rias de Camb\u00e9 e outras cidades da regi\u00e3o.</p>\r\n<h3>Aparecida Jardini entrou para a Congrega\u00e7\u00e3o das \r\nClaretianas aos 26 anos de idade. Hoje, aos 69, a irm\u00e3 tem convic\u00e7\u00e3o de que \r\najudar o pr\u00f3ximo \u00e9 uma forma de ter Deus como absoluto em sua vida. \u201cA gente se \r\nsente feliz quando faz alguma coisa boa para algu\u00e9m\u201d, diz ela, que est\u00e1 em Camb\u00e9 \r\nh\u00e1 mais de seis anos. <br />Desde quando entrou para a congrega\u00e7\u00e3o, irm\u00e3 Jardini \u2013 \r\ncomo \u00e9 mais conhecida \u2013 sempre teve prefer\u00eancia por trabalhar com os mais \r\nnecessitados. Formou-se freira pelo Instituto Cora\u00e7\u00e3o de Maria, em Londrina, e \r\nfez est\u00e1gio num orfanato de S\u00e3o Paulo para crian\u00e7as excepcionais. <br />A atua\u00e7\u00e3o \r\nda irm\u00e3 na evangeliza\u00e7\u00e3o tamb\u00e9m atravessou fronteiras. Nas d\u00e9cadas de 70 e 80, \r\natuou em pa\u00edses africanos como a Costa do Marfim e o Gab\u00e3o, onde permaneceu por \r\noito anos. \u201cL\u00e1 coordenei uma pastoral trabalhando sempre na evangeliza\u00e7\u00e3o e na \r\npromo\u00e7\u00e3o humana\u201d, conta a irm\u00e3, que ao voltar para o Brasil permaneceu por \r\nalguns anos no interior de S\u00e3o Paulo. <br />Na d\u00e9cada de 90, de volta a Londrina, \r\ntrabalhou na Casa do Bom Samaritano e no Instituto Pio XII, al\u00e9m de dedicar nove \r\nanos de sua vida \u00e0 Par\u00f3quia S\u00e3o Jos\u00e9, no distrito londrinense de Paiquer\u00ea. \r\n</h3>\r\n<h3>ALCO\u00d3LATRAS </h3>\r\n<h3>A experi\u00eancia no Bom Samaritano foi importante para que a \r\nirm\u00e3 assumisse a coordena\u00e7\u00e3o do abrigo cambeense. Convivendo com moradores de \r\nrua, em sua maioria alco\u00f3latras, a religiosa tem sempre uma palavra positiva \r\npara aquelas pessoas que j\u00e1 perderam os objetivos de viver. \u201cMuitos j\u00e1 n\u00e3o sabem \r\nmais nem administrar a pr\u00f3pria vida. \u00c9 preciso resgatar o valor \u00e0 vida e \u00e0 \r\nfam\u00edlia\u201d, diz. <br />Para ela, o albergue de Camb\u00e9 presta um trabalho muito \r\nimportante, embora h\u00e1 necessidade de ampliar. \u201cO pouco que a gente faz j\u00e1 deixa \r\nessas pessoas agradecidas. \u00c9 muito bom a gente ver quem estava na rua sair daqui \r\nde banho tomado, alimentado e com unhas e cabelos cortados. Alguns s\u00e3o \r\nencaminhados para tratamento de sa\u00fade e de alcoolismo, quando querem parar com a \r\nbebida\u201d, diz a irm\u00e3, acrescentando: \u201cIsso que fazemos \u00e9 pouco, mas o pobre \u00e9 uma \r\npessoa agradecida\u201d. <br />Na sua experi\u00eancia de vida, irm\u00e3 Jardini faz um apelo \u00e0 \r\nsociedade para que n\u00e3o d\u00ea esmola aos moradores de rua. \u201cMuitos pedem dinheiro \r\npara comer e v\u00e3o beber. Desta forma n\u00e3o resolvemos a situa\u00e7\u00e3o, s\u00f3 ajudamos a \r\nempurrar essas pessoas cada vez mais para o alcoolismo. Quem quiser ajudar deve \r\nencaminhar essas pessoas para uma institui\u00e7\u00e3o\u201d, orienta. <br />A religiosa resume \r\no caminho que escolheu em poucas palavras: \u201cDeus nos deu a vida e os dons. Ser \r\nreligiosa \u00e9 agradecer a Deus por tudo e tentar retribuir um pouco pelo muito que \r\nrecebemos. Toda miss\u00e3o tem os seus desafios, quer seja na fam\u00edlia ou na vida \r\nreligiosa, mas com f\u00e9, coragem e determina\u00e7\u00e3o, a gente consegue vencer esses \r\nobst\u00e1culos. Se Deus nos d\u00e1 uma miss\u00e3o, Ele nos d\u00e1 a gra\u00e7a para cumpri-la\u201d, \r\nafirma.</h3><br /><br /><img class=\"image-inline\" src=\"../imagens/inoticias/irma1.jpg\" alt=\"irma1\" /><br /><br /><img class=\"image-inline\" src=\"../imagens/inoticias/irma2.jpg\" alt=\"irma2\" /><br /><br /><img class=\"image-inline\" src=\"../imagens/inoticias/irma3.jpg\" alt=\"irma3\" /><br /><br /><br /><img class=\"image-inline\" src=\"../imagens/inoticias/irma4.jpg\" alt=\"irma4\" /><br /><br /><br /><img class=\"image-inline\" src=\"../imagens/inoticias/irma6.jpg\" alt=\"irma6\" /><br /><br /><br /><img class=\"image-inline\" src=\"../imagens/inoticias/irma7.jpg\" alt=\"irma7\" /><br /><br /><br /><img class=\"image-inline\" src=\"../imagens/inoticias/irma8.jpg\" alt=\"irma8\" /><br /><p></p>", "author_name": "", "version": "1.0", "author_url": "https://www.cambe.pr.leg.br/author/cbe", "provider_name": "C\u00e2mara Municipal", "type": "rich"}