{"provider_url": "https://www.cambe.pr.leg.br", "title": "MARIO SOM QUER INFORMA\u00c7\u00d5ES SOBRE CRECHES", "html": "<p>\r\n\r\n</p><p>Ele quer saber: quantas creches existem; faixa et\u00e1ria das\r\ncrian\u00e7as atendidas; quantidade de crian\u00e7as em cada unidade; quantidade de\r\ncrian\u00e7as a espera de vagas; quantidade de funcion\u00e1rios em cada unidade; \u00e1rea de\r\nabrang\u00eancia de cada unidade; se existem pais que n\u00e3o trabalham e t\u00eam filhos\r\nmatriculados; se existem crian\u00e7as matriculadas sem que as m\u00e3es precisem\r\ntrabalhar; qual o crit\u00e9rio de sele\u00e7\u00e3o das crian\u00e7as; se h\u00e1 alguma unidade com\r\nn\u00famero excessivo de crian\u00e7as; quais as principais dificuldades enfrentadas\r\npelas unidades e se existe algum tipo de repasse de recursos.</p>\r\n\r\n<p>O pedido do vereador entra em discuss\u00e3o e vota\u00e7\u00e3o na pr\u00f3xima\r\nsess\u00e3o do legislativo que ser\u00e1 realizada no pr\u00f3ximo dia 28 de fevereiro.</p>\r\n\r\n", "author_name": "", "version": "1.0", "author_url": "https://www.cambe.pr.leg.br/author/cbe", "provider_name": "C\u00e2mara Municipal", "type": "rich"}