{"provider_url": "https://www.cambe.pr.leg.br", "title": "Mestre Kim recebe a Comenda Gr\u00e3o de Caf\u00e9", "html": "<p></p><p>\r\n\r\n<p>A solenidade foi realizada no plen\u00e1rio da C\u00e2mara Municipal e contou com\r\na presen\u00e7a do prefeito Jo\u00e3o Pavinato, do presidente da C\u00e2mara Municipal de\r\nCamb\u00e9, vereador Paulo Soares, vereadores de Londrina Elza Correa e Mario\r\nTakahashi; vereadores de Camb\u00e9, familiares do homenageado, lideran\u00e7as\r\ncomunit\u00e1rias e moradores.</p>\r\n\r\n<p>Pela ordem discursaram o autor do projeto de concess\u00e3o da Comenda,\r\nvereador Paulo Soares; Elza Correa e Mario Takahashi, vereadores de Londrina;\r\nJo\u00e3o Neves, ex-jogador do Londrina Esporte Clube; Jos\u00e9 Antonio Campos,\r\npresidente da Central \u00danica de Favelas e o prefeito Jo\u00e3o Pavinato. Todos\r\nenalteceram o trabalho desenvolvido pelo Mestre Kim, destacando sua doa\u00e7\u00e3o e\r\ndedica\u00e7\u00e3o na forma\u00e7\u00e3o de centenas de jovens e crian\u00e7as de toda nossa regi\u00e3o.</p>\r\n\r\n<p>Por sua vez, o homenageado Mestre Kim, falou um pouco de sua hist\u00f3ria de\r\nvida e muito emocionado agradeceu o reconhecimento da C\u00e2mara de Vereadores de\r\nCamb\u00e9. </p>\r\n\r\n<p>QUEM \u00c9 MESTRE KIM</p>\r\n\r\n<p>Mestre Kim chegou a Camb\u00e9 com seis anos de idade e aos 13 anos come\u00e7ou a\r\ntreinar boxe e taekwondo na R\u00e1dio Patrulha de Londrina. Em 1\u00ba de agosto de 2000\r\nfundou a Liga Paranaense dos Drag\u00f5es, entidade filantr\u00f3pica de utilidade\r\np\u00fablica, sem fins lucrativos, no Jardim Ana Eliza III.</p>\r\n\r\nAtualmente essa entidade\r\noferece aulas de boxe, muaythay e kickboxing, al\u00e9m de corte de cabelo. Ainda\r\npara este ano, a proposta \u00e9 oferecer tamb\u00e9m \u00e0 toda a comunidade uma biblioteca,\r\ngin\u00e1stica para idoso, cursos de ingl\u00eas, entre outras atividades. Hoje no local\r\ns\u00e3o atendidas 40 crian\u00e7as\u00a0 e adolescentes, que al\u00e9m das atividades\r\nesportivas, t\u00eam tamb\u00e9m \u00e0 disposi\u00e7\u00e3o a\u00e7\u00f5es educacionais e culturais.</p>", "author_name": "elis", "version": "1.0", "author_url": "https://www.cambe.pr.leg.br/author/elis", "provider_name": "C\u00e2mara Municipal", "type": "rich"}