{"provider_url": "https://www.cambe.pr.leg.br", "title": "MORRE EX-VEREADOR DE CAMB\u00c9", "html": "<p style=\"text-align: justify;\"><strong>Ele residia em Londrina e foi Vereador na terceira legislatura, de 1956 a 1959, juntamente com Edgar Paes de Mello, Antonio Godoy Rodrigues,\u00a0 Archimedes Mozer, Antonio Galves Filho, Ren\u00ea Diniz, Jos\u00e9 dos Santos Rocha, Miguel Marana e Jo\u00e3o Maistro. O corpo est\u00e1 sendo velado na Casa de Vel\u00f3rios\u00a0 e ser\u00e1 sepultado \u00e0s 11 horas de hoje (quarta-feira), no Cemit\u00e9rio Padre Symplhoriano Kopf. </strong></p>", "author_name": "jaque", "version": "1.0", "author_url": "https://www.cambe.pr.leg.br/author/jaque", "provider_name": "C\u00e2mara Municipal", "type": "rich"}