{"provider_url": "https://www.cambe.pr.leg.br", "title": "Nova diretora geral da C\u00e2mara toma posse", "html": "<p>\r\n\r\n</p><p class=\"Pargrafobsico\">Na oportunidade, os 9\r\nvereadores manifestaram apoio \u00e0 iniciativa do presidente pela escolha. Cleuza,\r\nque j\u00e1 foi secret\u00e1ria municipal de Educa\u00e7\u00e3o, afirmou que est\u00e1 motivada para\r\nenfrentar esse novo desafio em sua vida. Jo\u00e3o Eugenio se desligou da fun\u00e7\u00e3o\r\npara dar sequ\u00eancia \u00e0 sua carreira na advocacia.</p>\r\n\r\n", "author_name": "elis", "version": "1.0", "author_url": "https://www.cambe.pr.leg.br/author/elis", "provider_name": "C\u00e2mara Municipal", "type": "rich"}