{"provider_url": "https://www.cambe.pr.leg.br", "title": "Padre Amaury \u00e9 homenageado pela C\u00e2mara", "html": "<p></p><p>\r\n\r\n<p>A sess\u00e3o solene foi prestigiada por mais de 200\r\nrepresentantes da comunidade cat\u00f3lica e contou ainda com as presen\u00e7as da\r\nvice-prefeita Aparecida Pascueto, que representou o prefeito Jo\u00e3o Pavinato, que\r\nest\u00e1 em viagem \u00e0 Europa, da Irm\u00e3 Aparecida Jardine, vereadores e demais\r\nautoridades.</p>\r\n\r\n<p>Durante a solenidade, a biografia do padre foi lida pelo\r\ndi\u00e1cono Arnaldo e o texto b\u00edblico pela ex-diretora da C\u00e2mara Cleuza Forastieri.\r\nHouve ainda a apresenta\u00e7\u00e3o do Coral Palestrina.</p>\r\n\r\nNa foto, o presidente da C\u00e2mara Elizeu Vidotti\r\n(autor do projeto) e a vice-prefeita Aparecida Pascueto entregam a placa\r\ncomemorativa ao padre Amaury Jos\u00e9 Domingues.</p>", "author_name": "elis", "version": "1.0", "author_url": "https://www.cambe.pr.leg.br/author/elis", "provider_name": "C\u00e2mara Municipal", "type": "rich"}