{"provider_url": "https://www.cambe.pr.leg.br", "title": "Padre Amaury ser\u00e1 homenageado pela C\u00e2mara", "html": "<p></p><p>Ele vai receber a\r\nComenda Gr\u00e3o de Caf\u00e9, a mais alta honraria do Munic\u00edpio. A proposta, aprovada por\r\nunanimidade na sess\u00e3o da segunda-feira (23), foi apresentada pelo presidente,\r\nvereador Elizeu Vidotti.<br />\r\n<br />\r\nAmaury Jos\u00e9 Domingues nasceu o dia 19 de maio de 1954 na cidade de Bela Vista\r\ndo Para\u00edso.<br />\r\nFilho de Joaquim Jos\u00e9 Domingues e de Florinda Lazara Domingues. \u00e9 o quarto filho\r\nde uma fam\u00edlia de nove irm\u00e3os. Fez o curso prim\u00e1rio no Instituto Sagrado\r\nCora\u00e7\u00e3o de Maria, primeiro ano do gin\u00e1sio no col\u00e9gio Estadual de Bela Vista do\r\nPara\u00edso concluindo no Instituto de Educa\u00e7\u00e3o de Londrina (IEL). Fez o segundo Grau no IPOLON.\r\nLondrina. Formou-se em bacharelado em Ci\u00eancias Econ\u00f4micas na Universidade Estadual\r\nde Londrina no ano de 1979. Foi membro do Coral Santa Cec\u00edlia da Catedral de\r\nLondrina at\u00e9 o ano de 1986, quando ingressou na Congrega\u00e7\u00e3o da Sociedade do\r\nApostolado Cat\u00f3lico no noviciado em Corn\u00e9lio Proc\u00f3pio. Estudou Teologia no\r\nInstituto Claretiano de Teologia em Curitiba, concluindo no ano de 1991. Neste mesmo ano fez sua Consagra\u00e7\u00e3o Perpetua na\r\nSociedade do Apostolado Cat\u00f3lico e se ordenou Di\u00e1cono.<br />\r\nDe fevereiro a julho de 1992 \u00a0exerceu seu\r\ndiaconato na par\u00f3quia Santo Antonio de Cambe. Foi ordenado sacerdote no dia 25\r\nde julho de 1992 na catedral Metropolitana de Londrina e celebrou sua primeira\r\nmissa na Par\u00f3quia s\u00e3o Jo\u00e3o Batista em Bela Vista do Para\u00edso. Ap\u00f3s sua ordena\u00e7\u00e3o\r\nSacerdotal foi trabalhar na Par\u00f3quia Cristo Rei na cidade de Curitiba, como\r\nVig\u00e1rio paroquial. No ano de 1993 foi transferido para a Par\u00f3quia Santo Ant\u00f4nio\r\nna cidade de Rancharia, S\u00e3o Paulo como P\u00e1roco. Em 1995 foi trabalhar em Terra\r\nde Miss\u00e3o, no sul da Bahia, na Par\u00f3quia Santa Luzia na cidade de Pau Brasil e em 2001 na cidade de Camacan\r\ntamb\u00e9m como P\u00e1roco.<br />\r\nEm mar\u00e7o de 2003 veio trabalhar na cidade de Camb\u00e9.</p>", "author_name": "elis", "version": "1.0", "author_url": "https://www.cambe.pr.leg.br/author/elis", "provider_name": "C\u00e2mara Municipal", "type": "rich"}