{"provider_url": "https://www.cambe.pr.leg.br", "title": "Padre Amaury ser\u00e1 homenageado pela C\u00e2mara", "html": "<p></p><p>Ele vai receber a Comenda Gr\u00e3o de Caf\u00e9, a mais\r\nalta honraria do Munic\u00edpio.</p><p><br /></p><p>A proposta, aprovada por unanimidade, foi apresentada pelo presidente, vereador Elizeu\r\nVidotti.<br />\r\n<br />\r\nAmaury Jos\u00e9 Domingues nasceu o dia 19 de maio de 1954 na cidade de Bela Vista\r\ndo Para\u00edso.<br />\r\nFilho de Joaquim Jos\u00e9 Domingues e de Florinda Lazara Domingues. \u00e9 o quarto\r\nfilho de uma fam\u00edlia de nove irm\u00e3os. Fez o curso prim\u00e1rio no Instituto Sagrado Cora\u00e7\u00e3o\r\nde Maria, primeiro ano do gin\u00e1sio no col\u00e9gio Estadual de Bela Vista do Para\u00edso\r\nconcluindo no Instituto de Educa\u00e7\u00e3o de Londrina (IEL). Fez o segundo Grau no\r\nIPOLON. Londrina. Formou-se em bacharelado em Ci\u00eancias Econ\u00f4micas na\r\nUniversidade Estadual de Londrina no ano de 1979. Foi membro do Coral Santa\r\nCec\u00edlia da Catedral de Londrina at\u00e9 o ano de 1986, quando ingressou na\r\nCongrega\u00e7\u00e3o da Sociedade do Apostolado Cat\u00f3lico no noviciado em Corn\u00e9lio\r\nProc\u00f3pio. Estudou Teologia no Instituto Claretiano de Teologia em Curitiba,\r\nconcluindo no ano de 1991. Neste mesmo ano fez sua Consagra\u00e7\u00e3o Perpetua na\r\nSociedade do Apostolado Cat\u00f3lico e se ordenou Di\u00e1cono.<br />\r\nDe fevereiro a julho de 1992 \u00a0exerceu seu diaconato na par\u00f3quia Santo\r\nAntonio de Cambe. Foi ordenado sacerdote no dia 25 de julho de 1992 na catedral\r\nMetropolitana de Londrina e celebrou sua primeira missa na Par\u00f3quia s\u00e3o Jo\u00e3o\r\nBatista em Bela Vista do Para\u00edso. Ap\u00f3s sua ordena\u00e7\u00e3o Sacerdotal foi trabalhar\r\nna Par\u00f3quia Cristo Rei na cidade de Curitiba, como Vig\u00e1rio paroquial. No ano de\r\n1993 foi transferido para a Par\u00f3quia Santo Ant\u00f4nio na cidade de Rancharia, S\u00e3o\r\nPaulo como P\u00e1roco. Em 1995 foi trabalhar em Terra de Miss\u00e3o, no sul da Bahia,\r\nna Par\u00f3quia Santa Luzia na cidade de Pau Brasil e em 2001 na cidade de Camacan tamb\u00e9m\r\ncomo P\u00e1roco.<br />\r\nEm mar\u00e7o de 2003 veio trabalhar na cidade de Camb\u00e9.</p>", "author_name": "elis", "version": "1.0", "author_url": "https://www.cambe.pr.leg.br/author/elis", "provider_name": "C\u00e2mara Municipal", "type": "rich"}