{"provider_url": "https://www.cambe.pr.leg.br", "title": "PARALIZA\u00c7\u00c3O DE OBRA \u00c9 MOTIVO DE POL\u00caMICA", "html": "<p>\r\n\r\n</p><p>Segundo o vereador \u201ccolocaram placas, anunciaram o\r\ninvestimento e distribu\u00edram jornal por toda a Cidade propagando a obra e at\u00e9\r\nagora o que fizeram \u00e9 um verdadeiro desrespeito aos moradores, pois encheram os\r\nlocais de terra e a situa\u00e7\u00e3o ficou muito pior, o que est\u00e1 deixando a popula\u00e7\u00e3o\r\nindignada. Acho que quando se come\u00e7a uma obra, ela deve ser terminada\u201d, afirmou\r\nCec\u00edlio.</p>\r\n\r\n<p>Justificando a paraliza\u00e7\u00e3o, o l\u00edder do prefeito, vereador\r\nJunior Felix, disse que esse \u00e9 outro recurso federal que foi bloqueado pelo atual\r\nGoverno. \u201cAt\u00e9 agora o Governo Federal repassou apenas a primeira parcela, ou\r\nseja, R$ 70 mil e a Comdec j\u00e1 investiu no local R$ 104 mil com a implanta\u00e7\u00e3o\r\ndas galerias de \u00e1guas pluviais e outros servi\u00e7os\u201d, disse o vereador. O vereador\r\nacrescentou ainda que \u201cse o Governo Federal n\u00e3o honrar com seus compromissos as\r\nobras v\u00e3o parar n\u00e3o somente em Camb\u00e9, mas em todo o Brasil\u201d.</p>\r\n\r\nApesar da discuss\u00e3o, o pedido tamb\u00e9m segue para\r\nexplica\u00e7\u00f5es oficiais por parte da administra\u00e7\u00e3o municipal.", "author_name": "", "version": "1.0", "author_url": "https://www.cambe.pr.leg.br/author/cbe", "provider_name": "C\u00e2mara Municipal", "type": "rich"}