{"provider_url": "https://www.cambe.pr.leg.br", "title": "Pedido de informa\u00e7\u00f5es gera debates", "html": "<p>Ivani justificou o pedido afirmando que existem \r\nmuitas reclama\u00e7\u00f5es dos moradores, com rela\u00e7\u00e3o a essa planta. \u201cMinha \r\nmaior preocupa\u00e7\u00e3o \u00e9 com o preju\u00edzo que a planta causa ao meio ambiente e\r\n aos produtores de c\u00edtricos de nossa regi\u00e3o, j\u00e1 que est\u00e1 provado os \r\nmalef\u00edcios que ela causa\u201d, disse.</p><p>Em\r\n seguida Conrado afirmou que \u201cuma campanha educativa \u00e9 interessante, \r\ndesde que na sequ\u00eancia a lei seja cumprida, mesmo que o prefeito tenha \r\nmedo de perder votos com a erradica\u00e7\u00e3o. Por\u00e9m, s\u00f3 gastar com publicidade\r\n e depois deixar a situa\u00e7\u00e3o como est\u00e1 fica muito pior. A decis\u00e3o tem que\r\n ser tomada pelo prefeito, j\u00e1 que ele \u00e9 o chefe maior do Munic\u00edpio\u201d.</p>J\u00e1\r\n o vereador Mario Som afirmou que tem conhecimento de v\u00e1rias pessoas que\r\n querem trocar essa planta da frente de suas resid\u00eancias. \u201cAlgumas me \r\ndisseram que procuraram a Secretaria do Meio Ambiente para as \r\nprovid\u00eancias, mas ainda n\u00e3o receberam retorno\u201d.", "author_name": "elis", "version": "1.0", "author_url": "https://www.cambe.pr.leg.br/author/elis", "provider_name": "C\u00e2mara Municipal", "type": "rich"}