{"provider_url": "https://www.cambe.pr.leg.br", "title": "Pioneiro receber\u00e1 a Comenda Gr\u00e3o de Caf\u00e9", "html": "<p></p><p>\r\n\r\n<p>O homenageado (na foto ao lado dos filhos Ivan e\r\nGilson)\u00a0 nasceu no dia 10 de novembro de\r\n1935, em S\u00e3o Benedito das Areias, um distrito do munic\u00edpio de Mococa, interior\r\nde S\u00e3o Paulo.</p>\r\n\r\nSaloio chegou \u00e0 Camb\u00e9 em companhia do pai, da\r\nm\u00e3e e de mais 10 irm\u00e3os, em 1946. Em fevereiro de 1951 iniciou-se na profiss\u00e3o\r\nde carpinteiro, na qual trabalha at\u00e9 hoje aos 79 anos de idade. \u00c9 casado com\r\nNeyde Joaquim Saloio, com quem tem cinco filhos. A sess\u00e3o solene de homenagem\r\nser\u00e1 marcada para breve.</p>", "author_name": "elis", "version": "1.0", "author_url": "https://www.cambe.pr.leg.br/author/elis", "provider_name": "C\u00e2mara Municipal", "type": "rich"}