{"provider_url": "https://www.cambe.pr.leg.br", "title": "Previd\u00eancia Municipal ser\u00e1 debatida na C\u00e2mara", "html": "<p>que trata da transforma\u00e7\u00e3o do atual Instituto\r\nMunicipal de Previd\u00eancia (IMP) em autarquia est\u00e1 marcada para o pr\u00f3ximo dia 7\r\nde agosto, \u00e0s 19h30, na C\u00e2mara. Na oportunidade tamb\u00e9m ser\u00e1 discutido o aumento\r\nda al\u00edquota patronal de 14,95% para 22%, conforme prev\u00ea o projeto de lei\r\n22/2013. A solicita\u00e7\u00e3o foi feita pelo vereador Cec\u00edlio Ara\u00fajo.\r\n\r\nDever\u00e3o\r\nestar presentes na audi\u00eancia, al\u00e9m dos vereadores, os presidentes do IMP e do\r\nSindicato dos Servidores Municipais e demais pessoas interessadas. </p>", "author_name": "elis", "version": "1.0", "author_url": "https://www.cambe.pr.leg.br/author/elis", "provider_name": "C\u00e2mara Municipal", "type": "rich"}