{"provider_url": "https://www.cambe.pr.leg.br", "title": "Pr\u00f3xima sess\u00e3o da C\u00e2mara ser\u00e1 na quarta-feira (8)", "html": "<p>Os trabalhos recome\u00e7am normalmente na quarta-feira (dia 8), quando tamb\u00e9m ser\u00e1 realizada a sess\u00e3o ordin\u00e1ria a partir das 19 horas. <br />\u00a0</p>", "author_name": "", "version": "1.0", "author_url": "https://www.cambe.pr.leg.br/author/cbe", "provider_name": "C\u00e2mara Municipal", "type": "rich"}