{"provider_url": "https://www.cambe.pr.leg.br", "title": "Reciclagem de lixo \u00e9 discutida na C\u00e2mara", "html": "<p>Estiveram\r\n presentes o presidente Elizeu Vidotti, os vereadores Jos\u00e9 Ribeiro, \r\nRomulo Yanke, Estela Camata, Paulo Soares e Magnata, al\u00e9m do \r\nrepresentante da secretaria municipal de Agricultura e Meio Ambiente \r\nPaulo Godoi e da senhora Concei\u00e7\u00e3o da Reciclagem que representou a \r\nAssocia\u00e7\u00e3o dos Recicladores de Camb\u00e9.</p><p>Cec\u00edlio\r\n abriu a reuni\u00e3o falando de diversas situa\u00e7\u00f5es irregulares que est\u00e3o \r\nacontecendo no aterro sanit\u00e1rio do Munic\u00edpio e alertou que o volume de \r\nmaterial reciclado em Camb\u00e9 apresenta um percentual muito pequeno do que\r\n poderia ser reaproveitado. \u201cPrecisamos de um melhor planejamento para a\r\n quest\u00e3o e uma maior conscientiza\u00e7\u00e3o da popula\u00e7\u00e3o, al\u00e9m de uma a\u00e7\u00e3o mais\r\n eficaz do poder p\u00fablico. Isso, a longo prazo, traria economia na \r\npr\u00f3pria coleta, geraria renda e beneficiaria o meio ambiente\u201d, disse.</p><p>J\u00e1\r\n o gestor ambiental Paulo Godoi afirmou que Camb\u00e9 vem evoluindo ao longo\r\n dos \u00faltimos anos. Como exemplo ele citou que em 2009, foram retiradas \r\n90 toneladas de produtos recicl\u00e1veis do aterro e em 2012 esse n\u00famero \r\nsubiu para 200 toneladas. \u201cOs munic\u00edpios da regi\u00e3o tamb\u00e9m iniciaram uma \r\ndiscuss\u00e3o para a regionaliza\u00e7\u00e3o e regulamenta\u00e7\u00e3o dos dep\u00f3sitos de \r\nres\u00edduos s\u00f3lidos, mais ainda h\u00e1 muito o que se fazer para chegarmos a \r\numa situa\u00e7\u00e3o ideal. Para isso, primeiro precisamos trabalhar a quest\u00e3o \r\nda conscientiza\u00e7\u00e3o\u201d, disse.</p><p>Em\r\n nome da Associa\u00e7\u00e3o dos Recicladores, Dona Concei\u00e7\u00e3o alertou que a \r\nentidade trabalha para o Munic\u00edpio e que esses trabalhadores precisam \r\nser melhor remunerados e ter garantias de uma vida mais digna, pois \r\nmuitos n\u00e3o possuem nem casas para morar. \u201cO m\u00e1ximo que cada reciclador \r\nconsegue de remunera\u00e7\u00e3o mensal neste trabalho \u00e9 R$ 500 e \u00e9 muito pouco \r\npara sobreviver. Precisamos de ajuda, sen\u00e3o vamos ter que parar com a \r\natividade, pois muitos est\u00e3o trabalhando e ao mesmo tempo passando \r\nfome\u201d, disse.</p><p>Em\r\n seguida falou o presidente Elizeu Vidotti, que colocou a C\u00e2mara \u00e0 \r\ndisposi\u00e7\u00e3o da Associa\u00e7\u00e3o para a legaliza\u00e7\u00e3o da documenta\u00e7\u00e3o da entidade,\r\n j\u00e1 que este problema \u00e9 o maior impecilho para o recebimento de \r\nsubven\u00e7\u00f5es p\u00fablicas. \u201cVamos fazer o poss\u00edvel para contribuir com a \r\nentidade n\u00e3o s\u00f3 pela manuten\u00e7\u00e3o do importante trabalho que desenvolve \r\npara a cidade, como tamb\u00e9m pelo que proporciona para a melhoria da \r\nqualidade de vida do cambeense. Tamb\u00e9m n\u00e3o podemos nos esquecer desses \r\ntrabalhadores, que merecem mais aten\u00e7\u00e3o para terem uma condi\u00e7\u00e3o digna \r\npara viver\u201d.</p><p>O\r\n deputado Estadual Gilberto Martin, que tinha agendado uma visita \u00e0 \r\nC\u00e2mara, tamb\u00e9m pode participar de uma parte da reuni\u00e3o e se comprometeu a\r\n fazer um projeto de lei na Assembleia Legislativa para transformar a \r\nAssocia\u00e7\u00e3o dos Recicladores de Camb\u00e9, como entidade de utilidade p\u00fablica\r\n estadual, o que vai possibilitar o estabelecimento de conv\u00eanios tamb\u00e9m \r\ncom o Governo do Estado.</p>", "author_name": "elis", "version": "1.0", "author_url": "https://www.cambe.pr.leg.br/author/elis", "provider_name": "C\u00e2mara Municipal", "type": "rich"}