{"provider_url": "https://www.cambe.pr.leg.br", "title": "Tribuna Livre muda de hor\u00e1rio", "html": "<p>Anteriormente, o hor\u00e1rio disponibilizado era no in\u00edcio das sess\u00f5es ordin\u00e1rias, que come\u00e7am \u00e0s 18 horas. Com a mudan\u00e7a, esse espa\u00e7o aberto \u00e0 participa\u00e7\u00e3o comunit\u00e1ria, ser\u00e1 iniciado ap\u00f3s o per\u00edodo do expediente, onde s\u00e3o apresentadas as mat\u00e9rias das sess\u00f5es.</p>\r\n<p>Para o presidente da C\u00e2mara Paulo Soares essa proposta de altera\u00e7\u00e3o apresentada pela comunidade foi muito bem recebida por todos os demais vereadores. \u201cAqui no legislativo cambeense n\u00f3s sempre estamos de portas abertas para ouvir sugest\u00f5es e atender todas aquelas que proporcionem melhorias no desenvolvimento dos trabalhos\u201d, disse, acrescentando que, \u201cessa proposta, especificamente, merece ainda mais nossa aten\u00e7\u00e3o, pois trata-se efetivamente de colaborar e abrir espa\u00e7o para o pleno exerc\u00edcio da democracia e liberdade de express\u00e3o dos moradores\u201d, finalizou.</p>", "author_name": "elis", "version": "1.0", "author_url": "https://www.cambe.pr.leg.br/author/elis", "provider_name": "C\u00e2mara Municipal", "type": "rich"}