{"provider_url": "https://www.cambe.pr.leg.br", "title": "Vereadora critica decreto do prefeito  ", "html": "<p>Segundo Alzira, \u201cfoi publicado o decreto sem \r\nnenhuma consulta \u00e0s pessoas envolvidas. S\u00e3o seis fam\u00edlias que tiveram \r\nsua dignidade ferida, pois n\u00e3o \u00e9 dessa maneira que se toma uma decis\u00e3o \r\ndesse tipo. A forma autorit\u00e1ria empregada, n\u00e3o levando em considera\u00e7\u00e3o o\r\n que pensam essas fam\u00edlias, prova como a popula\u00e7\u00e3o de Camb\u00e9 est\u00e1 sendo \r\ntratada por essa administra\u00e7\u00e3o\u201d, disse a vereadora.</p><p></p>O\r\n l\u00edder do prefeito na C\u00e2mara, vereador Junior Felix argumentou que as \r\ndesapropria\u00e7\u00f5es ser\u00e3o feitas de forma amig\u00e1vel e todos v\u00e3o receber o \r\npre\u00e7o de mercado pelos im\u00f3veis. \u201cA amplia\u00e7\u00e3o se faz necess\u00e1ria para \r\natender a demanda escolar da regi\u00e3o\u201d, disse.", "author_name": "elis", "version": "1.0", "author_url": "https://www.cambe.pr.leg.br/author/elis", "provider_name": "C\u00e2mara Municipal", "type": "rich"}