{"provider_url": "https://www.cambe.pr.leg.br", "title": "Vereadores se re\u00fanem com gerente da Sanepar", "html": "<p></p><p>para tomar conhecimento das obras que a empresa\r\nest\u00e1 realizando no Munic\u00edpio, principalmente sobre a duplica\u00e7\u00e3o da capacidade\r\nde abastecimento de \u00e1gua que est\u00e1 em andamento. Al\u00e9m disso, eles foram\r\ninformados que est\u00e1 prevista, ainda para este ano, a implanta\u00e7\u00e3o da rede de\r\nesgotos sanit\u00e1rios no Jardim Nova Camb\u00e9.\u00a0<br />\r\n<br />\r\nOs vereadores aproveitaram ainda para reivindicar a implanta\u00e7\u00e3o do sistema de\r\nesgoto para diversos bairros, entre eles, Ana Eliza II e III, Monte Castelo,\r\nSanto Andr\u00e9, Golden Park, Monticatini, Boa Vista, Anda Luzia, Euth\u00edmio\r\nCasarotto, Aurora, Abussafe, Espanha e Tarum\u00e3.</p>", "author_name": "elis", "version": "1.0", "author_url": "https://www.cambe.pr.leg.br/author/elis", "provider_name": "C\u00e2mara Municipal", "type": "rich"}