{"provider_url": "https://www.cambe.pr.leg.br", "title": "Vice-prefeita recebe a Comenda Gr\u00e3o de Caf\u00e9", "html": "<p></p><p>\r\n\r\n</p><p>A solenidade de entrega foi realizada na noite da \u00faltima\r\nter\u00e7a-feira (25), na Casa Comunit\u00e1ria do Lions Clube e contou com a presen\u00e7a do\r\npresidente da C\u00e2mara Elizeu Vidotti, dos vereadores Conrado Scheller (autor do\r\nprojeto), Cec\u00edlio Ara\u00fajo, Paulo Soares, Estela Camata, Magnata, R\u00f4mulo Yanke e\r\nJunior Felix, do prefeito Jo\u00e3o Pavinato, do deputado estadual eleito Devanil da\r\nSilva (Cobra), do padre Amaury Domingues, da senhora C\u00e9lia Hauly (representando\r\no deputado federal Luiz Carlos Hauly), do ex-prefeito Jos\u00e9 do Carmo Garcia,\r\nlideran\u00e7as comunit\u00e1rias, familiares e amigos da homenageada.</p>\r\n\r\n<p>Pela ordem falaram o vereador Conrado Scheller, autor do\r\nprojeto; o padre Amaury Domingues; a senhora C\u00e9lia Hauly e o prefeito Jo\u00e3o\r\nPavinato, todos enaltecendo o trabalho desenvolvido pela homenageada em prol da\r\ncomunidade cambeense, principalmente na \u00e1rea social. Por sua vez, a homenageada\r\nagradeceu a honraria recebida e afirmou que pretende continuar seu trabalho na\r\nbusca de melhores dias para os menos favorecidos.</p>\r\n\r\nO evento foi abrilhantado pelo Coral Palestrina\r\nsob a reg\u00eancia do maestro \u00c9rico Engelman e teve a participa\u00e7\u00e3o de cerca de 200\r\nconvidados.<p></p>", "author_name": "elis", "version": "1.0", "author_url": "https://www.cambe.pr.leg.br/author/elis", "provider_name": "C\u00e2mara Municipal", "type": "rich"}