{"provider_url": "https://www.cambe.pr.leg.br", "title": "Zezinho da Ra\u00e7\u00e3o pede que executivo cumpra leis", "html": "<p>\r\n\r\n</p><p>A den\u00fancia \u00e9 do pr\u00f3prio vereador que alega que todos\r\nos prazos para que essa exig\u00eancia seja colocada em pr\u00e1tica j\u00e1 se expiraram.\r\n\u201cRecentemente mais um estabelecimento desse g\u00eanero foi assaltado na cidade,\r\ncolocando em risco a vida de moradores\u201d, disse o vereador, acrescentando que\r\n\u201ctalvez esse equipamento n\u00e3o resolva definitivamente a incid\u00eancia dos roubos,\r\nmas amenizaria o problema e daria mais seguran\u00e7a aos usu\u00e1rios\u201d. </p>\r\n\r\n<p>Outra lei que n\u00e3o est\u00e1 sendo cumprida, tamb\u00e9m\r\naprovada pela C\u00e2mara Municipal, \u00e9 a da implanta\u00e7\u00e3o de um canil p\u00fablico no\r\nMunic\u00edpio. Segundo o vereador \u201cs\u00e3o in\u00fameros os problemas causados pelos c\u00e3es\r\nabandonados que perambulam pelas ruas cidade. \u201cEsse \u00e9 um caso que pode ser\r\nconsiderado at\u00e9 de sa\u00fade p\u00fablica, j\u00e1 que esses animais sem os cuidados\r\nnecess\u00e1rios, al\u00e9m de serem v\u00edtimas de maus tratos, podem contrair doen\u00e7as e\r\ntransmiti-las para os moradores\u201d, disse. Zezinho afirmou ainda que ficou\r\nindignado com um telefonema que recebeu recentemente de um funcion\u00e1rio\r\nmunicipal perguntando se ele podia recolher um c\u00e3o doente em uma determinada\r\nrua. \u201cEu j\u00e1 cuido de v\u00e1rios animais por conta pr\u00f3pria e essa responsabilidade \u00e9\r\ndo poder p\u00fablico, sendo que j\u00e1 existe lei espec\u00edfica para resolver o problema.\r\n\u00c9 s\u00f3 cumpri-la\u201d, disse. </p>\r\n\r\n", "author_name": "", "version": "1.0", "author_url": "https://www.cambe.pr.leg.br/author/cbe", "provider_name": "C\u00e2mara Municipal", "type": "rich"}