{"provider_url": "https://www.cambe.pr.leg.br", "version": "1.0", "author_url": "https://www.cambe.pr.leg.br/author/suelem", "title": "Reclama\u00e7\u00e3o \u2013 Falta de M\u00e9dicos Especialistas e Descontinuidade de Tratamento Psiqui\u00e1trico na Policl\u00ednica de Camb\u00e9.", "provider_name": "C\u00e2mara Municipal", "type": "link", "author_name": ""}